{"id":54,"date":"2016-05-16T22:31:38","date_gmt":"2016-05-16T20:31:38","guid":{"rendered":"http:\/\/jion-blonstein.com\/?p=54"},"modified":"2016-06-17T09:10:09","modified_gmt":"2016-06-17T07:10:09","slug":"unser-schatten-ist-gold","status":"publish","type":"post","link":"http:\/\/jion-blonstein.com\/en\/unser-schatten-ist-gold\/","title":{"rendered":"Unser Schatten ist Gold"},"content":{"rendered":"<p>Wenn C.G.Jung einmal sagte, dass der Schatten zu 90% aus reinem Gold besteht, dann meinte er zum einen, dass wir mit der dauernden Abwehr unseres Schattens einen Gro\u00dfteil unserer seelischen Energie verbrauchen, die wir f\u00fcr unsere Kreativit\u00e4t und Lebendigkeit viel besser verwenden k\u00f6nnten. Zum anderen, dass wir auch sehr viele Seiten in den Schattenbereich verdr\u00e4ngt haben, die kostbar und positiv sind, die uns aber in unserer Kindheit als schlecht, unversch\u00e4mt und s\u00fcndig dargestellt und mit negativen Aussagen verbunden wurden.<\/p>\n<p><!--more--><\/p>\n<p>Dazu geh\u00f6ren beispielsweise Neugier und Kreativit\u00e4t, (&#8220;Sei doch nicht so neugierg!&#8221;, &#8220;Du mit Deinen verr\u00fcckten Einf\u00e4llen&#8221;), Eigenst\u00e4ndigkeit (&#8220;Du Dickkopf&#8221;), Selbstbehauptung (&#8220;Sei doch nicht so egoistisch&#8221;), Spontanit\u00e4t (&#8220;Kannst Du dich nicht beherrschen?&#8221;), Phantasie (&#8220;Sei doch nicht so ein Tr\u00e4umer!&#8221;) oder Sexualit\u00e4t (&#8220;M\u00e4nner denken doch immer nur an das Eine!&#8221;).<\/p>\n<p>Unser Schatten steht dabei in einem direkten Verh\u00e4ltnis zur Persona und unseren Ideal-Vorstellungen: Je mehr wir versuchen, uns einseitig nach gesellschaftlichen oder religi\u00f6sen Vollkommenheitsma\u00dfst\u00e4ben zu orientieren, desto dunkler und bedrohlicher kann unser Schatten sein. Menschen, welche stark mit festgelegten Rollen und Formen und einer fassadenhaften Persona identifiziert sind, die wenig von ihrer wirklichen Pers\u00f6nlichkeit und ihrer menschlichen Ganzheit zum Ausdruck kommen lassen, m\u00fcssen h\u00e4ufig in ganz besonderem Ma\u00dfe die vielen anderen, zur Rolle nicht passenden Seiten in ihr Unbewusstes, in den &#8220;Schattenbereich&#8221; dr\u00e4ngen und \u00e4ngstlich darauf bedacht sein, sie nicht zum Vorschein kommen zu lassen.<\/p>\n<p>Aus dieser starken Angst vor unseren Schattenseiten kann sich ein unheilvolles psychodynamisches Geschehen aufschaukeln. Gerade durch die &#8220;Verteufelung&#8221; k\u00f6nnen uns normale, allgemeinmenschliche und harmlose Seiten unserer Pers\u00f6nlichkeit wie blutr\u00fcnstige Monster erscheinen. Und je mehr wir ein solches blutr\u00fcnstiges Monster in uns lauern sp\u00fcren, desto gr\u00f6\u00dfer wird unsere Anspannung und unsere Angst.<br \/>\nWir haben Angst vor unseren eigenen Untiefen, und wir haben Angst, dass uns andere Menschen entlarven k\u00f6nnten, dass sie diese Monster in uns entdecken k\u00f6nnten. Diese dauernde Angst vor Entlarvung, davor, dass jemand unsere andere, vermeintlich teuflische Seite sehen k\u00f6nnte, macht uns misstrauisch, und wir bem\u00fchen uns, eine umso stabilere, &#8220;scheinheilige&#8221; Fassade aufrechtzuerhalten, welche wiederum unsere Schattenseiten wachsen l\u00e4\u00dft.<\/p>\n<p>&#8220;Ich kann niemanden lieben , wenn ich mich selbst hasse. Das ist der Grund, weshalb man sich so ausgesprochen unwohl f\u00fchlt in der Gegenwart von Menschen , die durch besondere Tugenhaftigkeit ausgezeichnet sind, weil sie n\u00e4mlich eine Atmosph\u00e4re der Qual ausstrahlen, die sie sich selber antun.&#8221; (Jung, zit. nach Jacobi, 1970, S. 242)<\/p>\n<p>Das &#8220;B\u00f6se in uns&#8221; ist oft gar nicht das, was wir an negativen Seiten verteufeln, sondern es ist die Gewaltt\u00e4tigkeit, mit der wir uns selbst dem\u00fctigen, qu\u00e4len und verletzen, indem wir diese Seiten in uns abwerten und uns daf\u00fcr verachten und bestrafen. Schlie\u00dflich wendet er sich gegen uns und f\u00e4llt uns &#8220;von hinten her&#8221; an. Weite Bereiche der eigenen Pers\u00f6nlichkeit werden dann, weil sie nicht als dazugeh\u00f6rend akzeptiert werden, zum inneren oder, projiziert, zum \u00e4u\u00dferen Feind, der bis aufs \u00c4u\u00dferste bek\u00e4mpft werden muss.<\/p>\n","protected":false},"excerpt":{"rendered":"<p>Wenn C.G.Jung einmal sagte, dass der Schatten zu 90% aus reinem Gold besteht, dann meinte er zum einen, dass wir mit der dauernden Abwehr unseres Schattens einen Gro\u00dfteil unserer seelischen Energie verbrauchen, die wir f\u00fcr unsere Kreativit\u00e4t und Lebendigkeit viel besser verwenden k\u00f6nnten. Zum anderen, dass wir auch sehr viele Seiten in den Schattenbereich verdr\u00e4ngt&#8230;<\/p>\n","protected":false},"author":1,"featured_media":47,"comment_status":"closed","ping_status":"open","sticky":false,"template":"","format":"standard","meta":{"_monsterinsights_skip_tracking":false,"_monsterinsights_sitenote_active":false,"_monsterinsights_sitenote_note":"","_monsterinsights_sitenote_category":0,"_uf_show_specific_survey":0,"_uf_disable_surveys":false,"jetpack_post_was_ever_published":false,"_jetpack_newsletter_access":"","_jetpack_dont_email_post_to_subs":false,"_jetpack_newsletter_tier_id":0,"_jetpack_memberships_contains_paywalled_content":false,"_jetpack_memberships_contains_paid_content":false,"footnotes":"","jetpack_publicize_message":"","jetpack_publicize_feature_enabled":true,"jetpack_social_post_already_shared":false,"jetpack_social_options":{"image_generator_settings":{"template":"highway","default_image_id":0,"font":"","enabled":false},"version":2}},"categories":[1],"tags":[],"class_list":["post-54","post","type-post","status-publish","format-standard","has-post-thumbnail","hentry","category-allgemein"],"aioseo_notices":[],"jetpack_publicize_connections":[],"jetpack_featured_media_url":"https:\/\/i0.wp.com\/jion-blonstein.com\/wp-content\/uploads\/2016\/05\/11800525_636614943120378_3700861420665627581_n.jpg?fit=960%2C720","jetpack_sharing_enabled":true,"jetpack_shortlink":"https:\/\/wp.me\/p7DEQd-S","jetpack-related-posts":[],"_links":{"self":[{"href":"http:\/\/jion-blonstein.com\/wp-json\/wp\/v2\/posts\/54","targetHints":{"allow":["GET"]}}],"collection":[{"href":"http:\/\/jion-blonstein.com\/wp-json\/wp\/v2\/posts"}],"about":[{"href":"http:\/\/jion-blonstein.com\/wp-json\/wp\/v2\/types\/post"}],"author":[{"embeddable":true,"href":"http:\/\/jion-blonstein.com\/wp-json\/wp\/v2\/users\/1"}],"replies":[{"embeddable":true,"href":"http:\/\/jion-blonstein.com\/wp-json\/wp\/v2\/comments?post=54"}],"version-history":[{"count":8,"href":"http:\/\/jion-blonstein.com\/wp-json\/wp\/v2\/posts\/54\/revisions"}],"predecessor-version":[{"id":271,"href":"http:\/\/jion-blonstein.com\/wp-json\/wp\/v2\/posts\/54\/revisions\/271"}],"wp:featuredmedia":[{"embeddable":true,"href":"http:\/\/jion-blonstein.com\/wp-json\/wp\/v2\/media\/47"}],"wp:attachment":[{"href":"http:\/\/jion-blonstein.com\/wp-json\/wp\/v2\/media?parent=54"}],"wp:term":[{"taxonomy":"category","embeddable":true,"href":"http:\/\/jion-blonstein.com\/wp-json\/wp\/v2\/categories?post=54"},{"taxonomy":"post_tag","embeddable":true,"href":"http:\/\/jion-blonstein.com\/wp-json\/wp\/v2\/tags?post=54"}],"curies":[{"name":"wp","href":"https:\/\/api.w.org\/{rel}","templated":true}]}}